{"id":63490,"date":"2023-07-28T10:27:44","date_gmt":"2023-07-28T08:27:44","guid":{"rendered":"https:\/\/www.logistics-pilot.com\/?p=63490"},"modified":"2023-07-31T14:34:24","modified_gmt":"2023-07-31T12:34:24","slug":"kristina-vogt-assumes-responsibility-for-the-maritime-sector","status":"publish","type":"post","link":"https:\/\/www.logistics-pilot.com\/en\/kristina-vogt-assumes-responsibility-for-the-maritime-sector\/","title":{"rendered":"Kristina Vogt assumes responsibility for the maritime sector"},"content":{"rendered":"<p>[et_pb_section fb_built=&#8221;1&#8243; _builder_version=&#8221;4.16&#8243; _module_preset=&#8221;default&#8221; global_colors_info=&#8221;{}&#8221; theme_builder_area=&#8221;post_content&#8221;][et_pb_row _builder_version=&#8221;4.16&#8243; _module_preset=&#8221;default&#8221; global_colors_info=&#8221;{}&#8221; theme_builder_area=&#8221;post_content&#8221;][et_pb_column type=&#8221;4_4&#8243; _builder_version=&#8221;4.16&#8243; _module_preset=&#8221;default&#8221; global_colors_info=&#8221;{}&#8221; theme_builder_area=&#8221;post_content&#8221;][et_pb_text _builder_version=&#8221;4.21.0&#8243; _module_preset=&#8221;default&#8221; hover_enabled=&#8221;0&#8243; global_colors_info=&#8221;{}&#8221; theme_builder_area=&#8221;post_content&#8221; sticky_enabled=&#8221;0&#8243;]<strong>BREMEN.<\/strong> Bremische B\u00fcrgerschaft appointed the members of the new Senate for the 21st legislative period in early June. With the remobilised red-green-red coalition with Mayor Andreas Bovenschulte (SPD) at the helm, Kristina Vogt (Die Linke, 3rd from left) was appointed the new Senator for Economy, Ports and Transformation. She succeeds Dr Claudia Schilling (SPD, 3rd from right), who is now Senator for Labour and Social Affairs as well as for Legal and Constitutional Affairs. Other senators include Sascha Karolin Aulepp, Claudia Bernhard, Bj\u00f6rn Fecker, Ulrich M\u00e4urer, Kathrin Moosdorf and \u00d6zlem \u00dcnsal.<\/p>\n<p>Credits: Senat der Freien Hansestadt Bremen[\/et_pb_text][\/et_pb_column][\/et_pb_row][\/et_pb_section]<\/p>\n","protected":false},"excerpt":{"rendered":"<p>BREMEN. Bremische B\u00fcrgerschaft appointed the members of the new Senate for the 21st legislative period in early June.<\/p>\n","protected":false},"author":10,"featured_media":63156,"comment_status":"closed","ping_status":"open","sticky":false,"template":"","format":"standard","meta":{"_et_pb_use_builder":"on","_et_pb_old_content":"","_et_gb_content_width":"","footnotes":""},"categories":[53],"tags":[],"class_list":["post-63490","post","type-post","status-publish","format-standard","has-post-thumbnail","hentry","category-community-news-en"],"yoast_head":"<!-- This site is optimized with the Yoast SEO plugin v27.5 - https:\/\/yoast.com\/product\/yoast-seo-wordpress\/ -->\n<title>Kristina Vogt assumes responsibility for the maritime sector - Logistics Pilot<\/title>\n<meta name=\"robots\" content=\"index, follow, max-snippet:-1, max-image-preview:large, max-video-preview:-1\" \/>\n<link rel=\"canonical\" href=\"https:\/\/www.logistics-pilot.com\/en\/kristina-vogt-assumes-responsibility-for-the-maritime-sector\/\" \/>\n<meta property=\"og:locale\" content=\"en_US\" \/>\n<meta property=\"og:type\" content=\"article\" \/>\n<meta property=\"og:title\" content=\"Kristina Vogt assumes responsibility for the maritime sector - Logistics Pilot\" \/>\n<meta property=\"og:description\" content=\"BREMEN. Bremische B\u00fcrgerschaft appointed the members of the new Senate for the 21st legislative period in early June.\" \/>\n<meta property=\"og:url\" content=\"https:\/\/www.logistics-pilot.com\/en\/kristina-vogt-assumes-responsibility-for-the-maritime-sector\/\" \/>\n<meta property=\"og:site_name\" content=\"Logistics Pilot\" \/>\n<meta property=\"article:published_time\" content=\"2023-07-28T08:27:44+00:00\" \/>\n<meta property=\"article:modified_time\" content=\"2023-07-31T12:34:24+00:00\" \/>\n<meta property=\"og:image\" content=\"https:\/\/www.logistics-pilot.com\/wp-content\/uploads\/2023\/02\/20230705_Neuer_Senat_c-Senat-der-Freien-Hansestadt-Bremen_4C_800.jpg\" \/>\n\t<meta property=\"og:image:width\" content=\"800\" \/>\n\t<meta property=\"og:image:height\" content=\"639\" \/>\n\t<meta property=\"og:image:type\" content=\"image\/jpeg\" \/>\n<meta name=\"author\" content=\"Christian Kr\u00fcger\" \/>\n<meta name=\"twitter:card\" content=\"summary_large_image\" \/>\n<meta name=\"twitter:label1\" content=\"Written by\" \/>\n\t<meta name=\"twitter:data1\" content=\"Christian Kr\u00fcger\" \/>\n\t<meta name=\"twitter:label2\" content=\"Est. reading time\" \/>\n\t<meta name=\"twitter:data2\" content=\"1 minute\" \/>\n<script type=\"application\/ld+json\" class=\"yoast-schema-graph\">{\"@context\":\"https:\\\/\\\/schema.org\",\"@graph\":[{\"@type\":\"Article\",\"@id\":\"https:\\\/\\\/www.logistics-pilot.com\\\/en\\\/kristina-vogt-assumes-responsibility-for-the-maritime-sector\\\/#article\",\"isPartOf\":{\"@id\":\"https:\\\/\\\/www.logistics-pilot.com\\\/en\\\/kristina-vogt-assumes-responsibility-for-the-maritime-sector\\\/\"},\"author\":{\"name\":\"Christian Kr\u00fcger\",\"@id\":\"https:\\\/\\\/www.logistics-pilot.com\\\/en\\\/#\\\/schema\\\/person\\\/c2a19ad4cf062575c1ae2322f8941aaa\"},\"headline\":\"Kristina Vogt assumes responsibility for the maritime sector\",\"datePublished\":\"2023-07-28T08:27:44+00:00\",\"dateModified\":\"2023-07-31T12:34:24+00:00\",\"mainEntityOfPage\":{\"@id\":\"https:\\\/\\\/www.logistics-pilot.com\\\/en\\\/kristina-vogt-assumes-responsibility-for-the-maritime-sector\\\/\"},\"wordCount\":191,\"image\":{\"@id\":\"https:\\\/\\\/www.logistics-pilot.com\\\/en\\\/kristina-vogt-assumes-responsibility-for-the-maritime-sector\\\/#primaryimage\"},\"thumbnailUrl\":\"https:\\\/\\\/www.logistics-pilot.com\\\/wp-content\\\/uploads\\\/2023\\\/02\\\/20230705_Neuer_Senat_c-Senat-der-Freien-Hansestadt-Bremen_4C_800.jpg\",\"articleSection\":[\"Community News\"],\"inLanguage\":\"en-US\"},{\"@type\":\"WebPage\",\"@id\":\"https:\\\/\\\/www.logistics-pilot.com\\\/en\\\/kristina-vogt-assumes-responsibility-for-the-maritime-sector\\\/\",\"url\":\"https:\\\/\\\/www.logistics-pilot.com\\\/en\\\/kristina-vogt-assumes-responsibility-for-the-maritime-sector\\\/\",\"name\":\"Kristina Vogt assumes responsibility for the maritime sector - Logistics Pilot\",\"isPartOf\":{\"@id\":\"https:\\\/\\\/www.logistics-pilot.com\\\/en\\\/#website\"},\"primaryImageOfPage\":{\"@id\":\"https:\\\/\\\/www.logistics-pilot.com\\\/en\\\/kristina-vogt-assumes-responsibility-for-the-maritime-sector\\\/#primaryimage\"},\"image\":{\"@id\":\"https:\\\/\\\/www.logistics-pilot.com\\\/en\\\/kristina-vogt-assumes-responsibility-for-the-maritime-sector\\\/#primaryimage\"},\"thumbnailUrl\":\"https:\\\/\\\/www.logistics-pilot.com\\\/wp-content\\\/uploads\\\/2023\\\/02\\\/20230705_Neuer_Senat_c-Senat-der-Freien-Hansestadt-Bremen_4C_800.jpg\",\"datePublished\":\"2023-07-28T08:27:44+00:00\",\"dateModified\":\"2023-07-31T12:34:24+00:00\",\"author\":{\"@id\":\"https:\\\/\\\/www.logistics-pilot.com\\\/en\\\/#\\\/schema\\\/person\\\/c2a19ad4cf062575c1ae2322f8941aaa\"},\"breadcrumb\":{\"@id\":\"https:\\\/\\\/www.logistics-pilot.com\\\/en\\\/kristina-vogt-assumes-responsibility-for-the-maritime-sector\\\/#breadcrumb\"},\"inLanguage\":\"en-US\",\"potentialAction\":[{\"@type\":\"ReadAction\",\"target\":[\"https:\\\/\\\/www.logistics-pilot.com\\\/en\\\/kristina-vogt-assumes-responsibility-for-the-maritime-sector\\\/\"]}]},{\"@type\":\"ImageObject\",\"inLanguage\":\"en-US\",\"@id\":\"https:\\\/\\\/www.logistics-pilot.com\\\/en\\\/kristina-vogt-assumes-responsibility-for-the-maritime-sector\\\/#primaryimage\",\"url\":\"https:\\\/\\\/www.logistics-pilot.com\\\/wp-content\\\/uploads\\\/2023\\\/02\\\/20230705_Neuer_Senat_c-Senat-der-Freien-Hansestadt-Bremen_4C_800.jpg\",\"contentUrl\":\"https:\\\/\\\/www.logistics-pilot.com\\\/wp-content\\\/uploads\\\/2023\\\/02\\\/20230705_Neuer_Senat_c-Senat-der-Freien-Hansestadt-Bremen_4C_800.jpg\",\"width\":800,\"height\":639,\"caption\":\"Christina Vogt \u00fcbernimmt die maritime Verantwortung\"},{\"@type\":\"BreadcrumbList\",\"@id\":\"https:\\\/\\\/www.logistics-pilot.com\\\/en\\\/kristina-vogt-assumes-responsibility-for-the-maritime-sector\\\/#breadcrumb\",\"itemListElement\":[{\"@type\":\"ListItem\",\"position\":1,\"name\":\"Startseite\",\"item\":\"https:\\\/\\\/www.logistics-pilot.com\\\/en\\\/\"},{\"@type\":\"ListItem\",\"position\":2,\"name\":\"Kristina Vogt assumes responsibility for the maritime sector\"}]},{\"@type\":\"WebSite\",\"@id\":\"https:\\\/\\\/www.logistics-pilot.com\\\/en\\\/#website\",\"url\":\"https:\\\/\\\/www.logistics-pilot.com\\\/en\\\/\",\"name\":\"Logistics Pilot\",\"description\":\"Magazin f\u00fcr H\u00e4fen, Schifffahrt und Logistik\",\"potentialAction\":[{\"@type\":\"SearchAction\",\"target\":{\"@type\":\"EntryPoint\",\"urlTemplate\":\"https:\\\/\\\/www.logistics-pilot.com\\\/en\\\/?s={search_term_string}\"},\"query-input\":{\"@type\":\"PropertyValueSpecification\",\"valueRequired\":true,\"valueName\":\"search_term_string\"}}],\"inLanguage\":\"en-US\"},{\"@type\":\"Person\",\"@id\":\"https:\\\/\\\/www.logistics-pilot.com\\\/en\\\/#\\\/schema\\\/person\\\/c2a19ad4cf062575c1ae2322f8941aaa\",\"name\":\"Christian Kr\u00fcger\",\"url\":\"https:\\\/\\\/www.logistics-pilot.com\\\/en\\\/author\\\/chris\\\/\"}]}<\/script>\n<!-- \/ Yoast SEO plugin. -->","yoast_head_json":{"title":"Kristina Vogt assumes responsibility for the maritime sector - Logistics Pilot","robots":{"index":"index","follow":"follow","max-snippet":"max-snippet:-1","max-image-preview":"max-image-preview:large","max-video-preview":"max-video-preview:-1"},"canonical":"https:\/\/www.logistics-pilot.com\/en\/kristina-vogt-assumes-responsibility-for-the-maritime-sector\/","og_locale":"en_US","og_type":"article","og_title":"Kristina Vogt assumes responsibility for the maritime sector - Logistics Pilot","og_description":"BREMEN. Bremische B\u00fcrgerschaft appointed the members of the new Senate for the 21st legislative period in early June.","og_url":"https:\/\/www.logistics-pilot.com\/en\/kristina-vogt-assumes-responsibility-for-the-maritime-sector\/","og_site_name":"Logistics Pilot","article_published_time":"2023-07-28T08:27:44+00:00","article_modified_time":"2023-07-31T12:34:24+00:00","og_image":[{"width":800,"height":639,"url":"https:\/\/www.logistics-pilot.com\/wp-content\/uploads\/2023\/02\/20230705_Neuer_Senat_c-Senat-der-Freien-Hansestadt-Bremen_4C_800.jpg","type":"image\/jpeg"}],"author":"Christian Kr\u00fcger","twitter_card":"summary_large_image","twitter_misc":{"Written by":"Christian Kr\u00fcger","Est. reading time":"1 minute"},"schema":{"@context":"https:\/\/schema.org","@graph":[{"@type":"Article","@id":"https:\/\/www.logistics-pilot.com\/en\/kristina-vogt-assumes-responsibility-for-the-maritime-sector\/#article","isPartOf":{"@id":"https:\/\/www.logistics-pilot.com\/en\/kristina-vogt-assumes-responsibility-for-the-maritime-sector\/"},"author":{"name":"Christian Kr\u00fcger","@id":"https:\/\/www.logistics-pilot.com\/en\/#\/schema\/person\/c2a19ad4cf062575c1ae2322f8941aaa"},"headline":"Kristina Vogt assumes responsibility for the maritime sector","datePublished":"2023-07-28T08:27:44+00:00","dateModified":"2023-07-31T12:34:24+00:00","mainEntityOfPage":{"@id":"https:\/\/www.logistics-pilot.com\/en\/kristina-vogt-assumes-responsibility-for-the-maritime-sector\/"},"wordCount":191,"image":{"@id":"https:\/\/www.logistics-pilot.com\/en\/kristina-vogt-assumes-responsibility-for-the-maritime-sector\/#primaryimage"},"thumbnailUrl":"https:\/\/www.logistics-pilot.com\/wp-content\/uploads\/2023\/02\/20230705_Neuer_Senat_c-Senat-der-Freien-Hansestadt-Bremen_4C_800.jpg","articleSection":["Community News"],"inLanguage":"en-US"},{"@type":"WebPage","@id":"https:\/\/www.logistics-pilot.com\/en\/kristina-vogt-assumes-responsibility-for-the-maritime-sector\/","url":"https:\/\/www.logistics-pilot.com\/en\/kristina-vogt-assumes-responsibility-for-the-maritime-sector\/","name":"Kristina Vogt assumes responsibility for the maritime sector - Logistics Pilot","isPartOf":{"@id":"https:\/\/www.logistics-pilot.com\/en\/#website"},"primaryImageOfPage":{"@id":"https:\/\/www.logistics-pilot.com\/en\/kristina-vogt-assumes-responsibility-for-the-maritime-sector\/#primaryimage"},"image":{"@id":"https:\/\/www.logistics-pilot.com\/en\/kristina-vogt-assumes-responsibility-for-the-maritime-sector\/#primaryimage"},"thumbnailUrl":"https:\/\/www.logistics-pilot.com\/wp-content\/uploads\/2023\/02\/20230705_Neuer_Senat_c-Senat-der-Freien-Hansestadt-Bremen_4C_800.jpg","datePublished":"2023-07-28T08:27:44+00:00","dateModified":"2023-07-31T12:34:24+00:00","author":{"@id":"https:\/\/www.logistics-pilot.com\/en\/#\/schema\/person\/c2a19ad4cf062575c1ae2322f8941aaa"},"breadcrumb":{"@id":"https:\/\/www.logistics-pilot.com\/en\/kristina-vogt-assumes-responsibility-for-the-maritime-sector\/#breadcrumb"},"inLanguage":"en-US","potentialAction":[{"@type":"ReadAction","target":["https:\/\/www.logistics-pilot.com\/en\/kristina-vogt-assumes-responsibility-for-the-maritime-sector\/"]}]},{"@type":"ImageObject","inLanguage":"en-US","@id":"https:\/\/www.logistics-pilot.com\/en\/kristina-vogt-assumes-responsibility-for-the-maritime-sector\/#primaryimage","url":"https:\/\/www.logistics-pilot.com\/wp-content\/uploads\/2023\/02\/20230705_Neuer_Senat_c-Senat-der-Freien-Hansestadt-Bremen_4C_800.jpg","contentUrl":"https:\/\/www.logistics-pilot.com\/wp-content\/uploads\/2023\/02\/20230705_Neuer_Senat_c-Senat-der-Freien-Hansestadt-Bremen_4C_800.jpg","width":800,"height":639,"caption":"Christina Vogt \u00fcbernimmt die maritime Verantwortung"},{"@type":"BreadcrumbList","@id":"https:\/\/www.logistics-pilot.com\/en\/kristina-vogt-assumes-responsibility-for-the-maritime-sector\/#breadcrumb","itemListElement":[{"@type":"ListItem","position":1,"name":"Startseite","item":"https:\/\/www.logistics-pilot.com\/en\/"},{"@type":"ListItem","position":2,"name":"Kristina Vogt assumes responsibility for the maritime sector"}]},{"@type":"WebSite","@id":"https:\/\/www.logistics-pilot.com\/en\/#website","url":"https:\/\/www.logistics-pilot.com\/en\/","name":"Logistics Pilot","description":"Magazin f\u00fcr H\u00e4fen, Schifffahrt und Logistik","potentialAction":[{"@type":"SearchAction","target":{"@type":"EntryPoint","urlTemplate":"https:\/\/www.logistics-pilot.com\/en\/?s={search_term_string}"},"query-input":{"@type":"PropertyValueSpecification","valueRequired":true,"valueName":"search_term_string"}}],"inLanguage":"en-US"},{"@type":"Person","@id":"https:\/\/www.logistics-pilot.com\/en\/#\/schema\/person\/c2a19ad4cf062575c1ae2322f8941aaa","name":"Christian Kr\u00fcger","url":"https:\/\/www.logistics-pilot.com\/en\/author\/chris\/"}]}},"_links":{"self":[{"href":"https:\/\/www.logistics-pilot.com\/en\/wp-json\/wp\/v2\/posts\/63490","targetHints":{"allow":["GET"]}}],"collection":[{"href":"https:\/\/www.logistics-pilot.com\/en\/wp-json\/wp\/v2\/posts"}],"about":[{"href":"https:\/\/www.logistics-pilot.com\/en\/wp-json\/wp\/v2\/types\/post"}],"author":[{"embeddable":true,"href":"https:\/\/www.logistics-pilot.com\/en\/wp-json\/wp\/v2\/users\/10"}],"replies":[{"embeddable":true,"href":"https:\/\/www.logistics-pilot.com\/en\/wp-json\/wp\/v2\/comments?post=63490"}],"version-history":[{"count":4,"href":"https:\/\/www.logistics-pilot.com\/en\/wp-json\/wp\/v2\/posts\/63490\/revisions"}],"predecessor-version":[{"id":63571,"href":"https:\/\/www.logistics-pilot.com\/en\/wp-json\/wp\/v2\/posts\/63490\/revisions\/63571"}],"wp:featuredmedia":[{"embeddable":true,"href":"https:\/\/www.logistics-pilot.com\/en\/wp-json\/wp\/v2\/media\/63156"}],"wp:attachment":[{"href":"https:\/\/www.logistics-pilot.com\/en\/wp-json\/wp\/v2\/media?parent=63490"}],"wp:term":[{"taxonomy":"category","embeddable":true,"href":"https:\/\/www.logistics-pilot.com\/en\/wp-json\/wp\/v2\/categories?post=63490"},{"taxonomy":"post_tag","embeddable":true,"href":"https:\/\/www.logistics-pilot.com\/en\/wp-json\/wp\/v2\/tags?post=63490"}],"curies":[{"name":"wp","href":"https:\/\/api.w.org\/{rel}","templated":true}]}}